{"id":158,"date":"2021-02-16T14:00:45","date_gmt":"2021-02-16T13:00:45","guid":{"rendered":"http:\/\/jagusz.com\/?p=158"},"modified":"2021-05-05T13:57:06","modified_gmt":"2021-05-05T11:57:06","slug":"lek-wet-agnieszka-keler","status":"publish","type":"post","link":"https:\/\/jagusz.com\/?p=158","title":{"rendered":"lek. wet. Agnieszka Keler"},"content":{"rendered":"\n<p>Uko\u0144czy\u0142a studia w roku 2017, uzyskuj\u0105c dyplom lekarza weterynarii na Uniwersytecie Warmi\u0144sko-Mazurskim w Olsztynie. Od tego czasu nieustaj\u0105co rozwija si\u0119 w kierunku internistycznym ma\u0142ych zwierz\u0105t, uczestnicz\u0105c w licznych szkoleniach i konferencjach. &nbsp;W Przychodni Weterynaryjnej w Chojnie przyjmuje pacjent\u00f3w od stycznia 2019r. G\u0142\u00f3wnie zajmuje si\u0119 intern\u0105, dermatologi\u0105 i endokrynologi\u0105. W sierpniu 2020 roku uko\u0144czy\u0142a szkolenie Akademii Dermatologii Weterynaryjnej w Lublinie. Stale stara si\u0119 poszerza\u0107 wiedz\u0119 w tej dziedzinie, dzi\u0119ki czemu problemy sk\u00f3rne, alergie oraz guzki s\u0105 lepiej diagnozowane, a nasi pacjenci mniej si\u0119 drapi\u0105.<\/p>\n\n\n\n<p>Uczestniczka licznych kurs\u00f3w, szkole\u0144 i konferencji :<strong><\/strong><\/p>\n\n\n\n<ul><li>19.03.2020 &#8211; \u201eCytologia sk\u00f3ry dla \u015brednio zaawansowanych.\u201d Dermawet \u2013 EDU \u2013Warszawa;<\/li><li>20.20.2021 \u2013 \u201eSerce warte Poznania. Konferencja kardiologiczna.\u201d IVSA \u2013 Pozna\u0144;<\/li><li>24-28.08.2020 &#8211; \u00a0\u201eTygodniowy Kurs Dermatologiczny\u201d Akademia Dermatologii Weterynaryjnej \u2013 Lublin;<\/li><li>07.03.2020 &#8211; \u201eKeep Calm and Save Exotic Pets III.\u201d Konferencja medycyny zwierz\u0105t egzotycznych. IVSA \u2013 Pozna\u0144;<\/li><li>06.04.2019 &#8211; \u201eCykliczne szczecinieckie warsztaty weterynaryjne z zakresu dermatologii i ortopedii\u201d;<\/li><li>16-17.03.2019 &#8211; XI Kongres Akademii po Dyplomie Weterynaria \u201eKliniczne aspekty praktyki lekarsko-weterynaryjnej\u201d \u2013 Warszawa;<\/li><li>02.03.2019 &#8211; \u201eEndokrynologia ps\u00f3w i kot\u00f3w\u201d Dechra, &#8211; Puszczykowo k. Poznania;<\/li><li>01.12.2018 &#8211;\u00a0 Konferencja \u201eOnkologia z sercem\u201d. IVSA \u2013 Pozna\u0144;<\/li><li>29.09.2018 &#8211; Konferencja \u201eDiagnostyka laboratoryjna\u201d. Medivet \u2013 Pozna\u0144;<\/li><li>22-23.09.2018 &#8211;\u00a0Mi\u0119dzynarodowa Konferencja VetCo \u201eGastroenterologia i intensywna terapia ma\u0142ych zwierz\u0105t\u201d \u2013 Warszawa;<\/li><li>19.05.2018 &#8211; \u201eInterpretacje wynik\u00f3w bada\u0144 laboratoryjnych na podstawie przypadk\u00f3w klinicznych\u201d. Medivet \u2013 \u015arem;<\/li><li>21.04.2018 &#8211; \u201eRozmowa w cztery oczy, czyli jak radzi\u0107 sobie z trudnym klientem w przypadkach dermatologicznych\u201d. MSD &#8211; \u00a0Pozna\u0144;<\/li><li>15.04.2018 &#8211; \u201eDermatologia i endokrynologia ps\u00f3w i kot\u00f3w\u201d. Dechra \u2013 Warszawa;<\/li><li>10.03.2018 &#8211; \u201eKeep Calm and Save Exotic Pets I\u201d. Konferencja medycyny zwierz\u0105t egzotycznych. IVSA \u2013 Pozna\u0144;<\/li><li>10.12.2017 &#8211; \u201eBadanie biochemiczne \u2013 nie zawsze takie oczywiste\u201d. IDEXX \u2013 Pozna\u0144;<\/li><li>05.11.2017 &#8211; \u201eOkulistyka ps\u00f3w i kot\u00f3w \u2013 najwa\u017cniejsze informacje dla lekarza praktyka.\u201d MSD \u2013 Pozna\u0144;<\/li><li>\u201eKliniczne istotne choroby paso\u017cytnicze zwierz\u0105t egzotycznych i towarzysz\u0105cych\u201d. BAYER &#8211; Pozna\u0144;<\/li><li>\u201eZaburzenia wewn\u0105trzczaszkowe. Objawy i diagnostyka\u201d. BAYER \u2013 Pozna\u0144.<\/li><\/ul>\n\n\n\n<p><\/p>\n","protected":false},"excerpt":{"rendered":"<p>Uko\u0144czy\u0142a studia w roku 2017, uzyskuj\u0105c dyplom lekarza weterynarii na Uniwersytecie Warmi\u0144sko-Mazurskim w Olsztynie. Od tego czasu nieustaj\u0105co rozwija si\u0119 w kierunku internistycznym ma\u0142ych zwierz\u0105t, uczestnicz\u0105c w licznych szkoleniach i konferencjach. &nbsp;W Przychodni Weterynaryjnej w Chojnie przyjmuje pacjent\u00f3w od stycznia 2019r. G\u0142\u00f3wnie zajmuje si\u0119 intern\u0105, dermatologi\u0105 i endokrynologi\u0105. W sierpniu 2020 roku uko\u0144czy\u0142a szkolenie Akademii [&hellip;]<\/p>\n","protected":false},"author":2,"featured_media":274,"comment_status":"closed","ping_status":"open","sticky":false,"template":"","format":"standard","meta":[],"categories":[7],"tags":[],"_links":{"self":[{"href":"https:\/\/jagusz.com\/index.php?rest_route=\/wp\/v2\/posts\/158"}],"collection":[{"href":"https:\/\/jagusz.com\/index.php?rest_route=\/wp\/v2\/posts"}],"about":[{"href":"https:\/\/jagusz.com\/index.php?rest_route=\/wp\/v2\/types\/post"}],"author":[{"embeddable":true,"href":"https:\/\/jagusz.com\/index.php?rest_route=\/wp\/v2\/users\/2"}],"replies":[{"embeddable":true,"href":"https:\/\/jagusz.com\/index.php?rest_route=%2Fwp%2Fv2%2Fcomments&post=158"}],"version-history":[{"count":5,"href":"https:\/\/jagusz.com\/index.php?rest_route=\/wp\/v2\/posts\/158\/revisions"}],"predecessor-version":[{"id":687,"href":"https:\/\/jagusz.com\/index.php?rest_route=\/wp\/v2\/posts\/158\/revisions\/687"}],"wp:featuredmedia":[{"embeddable":true,"href":"https:\/\/jagusz.com\/index.php?rest_route=\/wp\/v2\/media\/274"}],"wp:attachment":[{"href":"https:\/\/jagusz.com\/index.php?rest_route=%2Fwp%2Fv2%2Fmedia&parent=158"}],"wp:term":[{"taxonomy":"category","embeddable":true,"href":"https:\/\/jagusz.com\/index.php?rest_route=%2Fwp%2Fv2%2Fcategories&post=158"},{"taxonomy":"post_tag","embeddable":true,"href":"https:\/\/jagusz.com\/index.php?rest_route=%2Fwp%2Fv2%2Ftags&post=158"}],"curies":[{"name":"wp","href":"https:\/\/api.w.org\/{rel}","templated":true}]}}